{"id":962,"date":"2025-09-16T10:11:49","date_gmt":"2025-09-16T08:11:49","guid":{"rendered":"https:\/\/www.assofor.com\/?p=962"},"modified":"2025-09-16T10:11:49","modified_gmt":"2025-09-16T08:11:49","slug":"formazione-professionale-in-sicilia-il-sistema-informatico-si-blocca-ma-il-problema-e-ben-piu-profondo","status":"publish","type":"post","link":"https:\/\/www.assofor.com\/index.php\/2025\/09\/16\/formazione-professionale-in-sicilia-il-sistema-informatico-si-blocca-ma-il-problema-e-ben-piu-profondo\/","title":{"rendered":"Formazione Professionale in Sicilia: il sistema informatico si blocca, ma il problema \u00e8 ben pi\u00f9 profondo."},"content":{"rendered":"<div style=\"max-width: 800px; margin: auto; font-family: Arial, sans-serif;\">\n<p style=\"font-weight: 400;\">Ancora una volta, la formazione professionale in Sicilia si trova ostaggio di un sistema informatico e infrastrutturale inadeguati. Dopo il fallimento del Piano Giovani del 2014, bloccato dall\u2019eccesso di richieste che mand\u00f2 in tilt la piattaforma, la storia si ripete con l\u2019Avviso 7\/2023 \u2013 Seconda Finestra, anch\u2019esso compromesso da un malfunzionamento tecnico.<\/p>\n<p style=\"font-weight: 400;\">L\u2019Organizzazione datoriale ASSOFOR, esprime una posizione chiara: non \u00e8 accettabile che la velocit\u00e0 di invio delle domande nei primi secondi o minuti \u00a0del Click Day sia l\u2019unico criterio di selezione, con il rischio concreto di escludere progettualit\u00e0 valide e ben strutturate. Questo meccanismo, oltre a generare frustrazione, espone gli operatori a un fallimento sistemico, allorquando la competenza viene sacrificata in nome della rapidit\u00e0.<\/p>\n<p style=\"font-weight: 400;\">Non si pu\u00f2 chiedere agli enti di formazione di trasformarsi in \u201c<em>cliccatori professionisti<\/em>\u201d, rinunciando al proprio ruolo di formatori, educatori e alla qualit\u00e0 progettuale. ASSOFOR rispetta le scelte del Governo e dell\u2019Amministrazione regionali, ma non pu\u00f2 condividere un sistema che premia la velocit\u00e0 anzich\u00e9 la capacit\u00e0 tecnica o la qualit\u00e0 delle proposte degli enti.<\/p>\n<p style=\"font-weight: 400;\">In qualunque caso, la formazione professionale non pu\u00f2 essere affidata alla \u201cruota della fortuna\u201d, specie quando le risorse appostate su un Avviso sono limitate.<\/p>\n<p style=\"font-weight: 400;\">A dimostrazione di ci\u00f2, l\u2019Avviso 6 GOL, concomitante alla seconda finestra dell\u2019avviso 7, con il medesimo tipo di destinatari ed enti partecipanti, pur avendo subito rallentamenti tecnici, ha comunque garantito una gestione ordinata, grazie alla consistente dotazione finanziaria, evitando distorsioni e disagi.<\/p>\n<p style=\"font-weight: 400;\">\u00c8, pertanto, urgente ripensare i criteri di accesso e selezione, quando le risorse non sono bastevoli a coprire la richiesta degli utenti, e, soprattutto, quando trattasi in gran parte di soggetti bisognosi e\/o con obbligo di frequenza formativa condizione necessaria per percepire misure di sostegno al reddito, restituendo alla formazione professionale il ruolo strategico che merita per lo sviluppo della Sicilia. Ma occorre porre un quesito: ci sono ulteriori risorse per aumentare la dotazione dell\u2019Avviso 7?Al proposito, il nostro appello va al Presidente della Regione Renato Schifani e all\u2019Assessore alla Formazione Girolamo Turano, e, visto l\u2019argomento strategico, indistintamente, a tutte le forze sociali e \u00a0parlamentari. La nostra Regione ha ricevuto notevoli risorse per accrescere la competenze dei Siciliani, in linea con i fabbisogni delle imprese.<\/p>\n<p style=\"font-weight: 400;\">Esse sono bastevoli a finanziare tutti i percorsi che gli enti hanno gi\u00e0 pronti da presentare con l\u2019avviso 7 e sono frutto delle richieste degli utenti iscritti.<\/p>\n<p style=\"font-weight: 400;\">Meritano e possono essere finanziati tutti. Il Catalogo dell\u2019offerta formativa scaturisce da accurate indagini di mercato, locali e nazionali, accolte con favore ed entusiasmo dai Siciliani. Accrescerne le competenze \u00e8 il pi\u00f9 bello e miglior investimento che la Politica tutta possa fare per i cittadini di questa isola, almeno al pari, se non pi\u00f9, di tutte le infrastrutture che si propone di realizzare, anch\u2019esse importantissime.<\/p>\n<\/div>\n","protected":false},"excerpt":{"rendered":"<p>Ancora una volta, la formazione professionale in Sicilia si trova ostaggio di un sistema informatico e infrastrutturale inadeguati. Dopo il fallimento del Piano Giovani del 2014, bloccato dall\u2019eccesso di richieste che mand\u00f2 in tilt la piattaforma, la storia si ripete con l\u2019Avviso 7\/2023 \u2013 Seconda Finestra, anch\u2019esso compromesso da un malfunzionamento tecnico. L\u2019Organizzazione datoriale ASSOFOR, [&hellip;]<\/p>\n","protected":false},"author":2,"featured_media":964,"comment_status":"open","ping_status":"open","sticky":false,"template":"","format":"standard","meta":{"_et_pb_use_builder":"","_et_pb_old_content":"","_et_gb_content_width":"","footnotes":""},"categories":[7],"tags":[],"class_list":["post-962","post","type-post","status-publish","format-standard","has-post-thumbnail","hentry","category-news"],"_links":{"self":[{"href":"https:\/\/www.assofor.com\/index.php\/wp-json\/wp\/v2\/posts\/962","targetHints":{"allow":["GET"]}}],"collection":[{"href":"https:\/\/www.assofor.com\/index.php\/wp-json\/wp\/v2\/posts"}],"about":[{"href":"https:\/\/www.assofor.com\/index.php\/wp-json\/wp\/v2\/types\/post"}],"author":[{"embeddable":true,"href":"https:\/\/www.assofor.com\/index.php\/wp-json\/wp\/v2\/users\/2"}],"replies":[{"embeddable":true,"href":"https:\/\/www.assofor.com\/index.php\/wp-json\/wp\/v2\/comments?post=962"}],"version-history":[{"count":2,"href":"https:\/\/www.assofor.com\/index.php\/wp-json\/wp\/v2\/posts\/962\/revisions"}],"predecessor-version":[{"id":965,"href":"https:\/\/www.assofor.com\/index.php\/wp-json\/wp\/v2\/posts\/962\/revisions\/965"}],"wp:featuredmedia":[{"embeddable":true,"href":"https:\/\/www.assofor.com\/index.php\/wp-json\/wp\/v2\/media\/964"}],"wp:attachment":[{"href":"https:\/\/www.assofor.com\/index.php\/wp-json\/wp\/v2\/media?parent=962"}],"wp:term":[{"taxonomy":"category","embeddable":true,"href":"https:\/\/www.assofor.com\/index.php\/wp-json\/wp\/v2\/categories?post=962"},{"taxonomy":"post_tag","embeddable":true,"href":"https:\/\/www.assofor.com\/index.php\/wp-json\/wp\/v2\/tags?post=962"}],"curies":[{"name":"wp","href":"https:\/\/api.w.org\/{rel}","templated":true}]}}