{"id":843,"date":"2022-12-17T18:29:12","date_gmt":"2022-12-17T17:29:12","guid":{"rendered":"https:\/\/www.assofor.com\/?p=843"},"modified":"2022-12-17T18:29:12","modified_gmt":"2022-12-17T17:29:12","slug":"ambiziosi-orizzonti-per-la-formazione-euromediterranea-grande-successo-a-palazzo-biscari-per-il-meeting-di-assofor","status":"publish","type":"post","link":"https:\/\/www.assofor.com\/index.php\/2022\/12\/17\/ambiziosi-orizzonti-per-la-formazione-euromediterranea-grande-successo-a-palazzo-biscari-per-il-meeting-di-assofor\/","title":{"rendered":"Ambiziosi orizzonti per la Formazione Euromediterranea, grande successo a Palazzo Biscari per il meeting di ASSOFOR"},"content":{"rendered":"<p>La Formazione Professionale Euromediterranea, nei suoi progetti ambiziosi e nobili scopi educativi, \u00e8 stata epicentro,\u00a0gioved\u00ec 15 dicembre, del <em>meeting<\/em>, organizzato dall\u2019<strong>Associazione Organismi di Formazione\u00a0<\/strong>(ASSOFOR) in collaborazione con ARCHIMED presso Isola, all\u2019interno di uno degli edifici storici di Catania, <strong>Palazzo Biscari<\/strong>.<\/p>\n<p>Tanti i temi affrontati nel corso della <em>Tavola rotonda<\/em>, con la partecipazione degli associati, i dirigenti ed i componenti del consiglio direttivo, vari enti formativi, scolastici e sigle sindacali presenti all\u2019evento, grazie ai quali \u00e8 stato possibile affrontare i temi pi\u00f9 rilevanti nell\u2019ambito della <strong>Formazione<\/strong> in chiave Euromediterranea.<\/p>\n<p>Innumerevoli iniziative sono state lanciate per i prossimi passi da programmare, prospettiva &#8211; come definito dal presidente ASSOFOR <strong>Antonio Oliveri <\/strong>\u2013 \u201cavvincente e stimolante\u201d per il futuro formativo della zona europea del mediterraneo, secondo un programma rivolto al mondo del lavoro qualificato.<\/p>\n<p><img loading=\"lazy\" decoding=\"async\" class=\" wp-image-846 aligncenter\" src=\"https:\/\/www.assofor.com\/wp-content\/uploads\/2022\/12\/convegno-assofr-300x225.jpeg\" alt=\"\" width=\"400\" height=\"300\" \/><\/p>\n<p>Concentrare le energie in chiave formativa si pu\u00f2, mediante un innalzamento del tasso d\u2019occupazione europeo ponderato che derivi da un sensibile aumento della qualit\u00e0 scolastica, sulla base di criticit\u00e0 palesate nell\u2019ultimo triennio.<\/p>\n<p>Un orientamento con modalit\u00e0 nuove, nuovi standard, l\u2019intensificazione dell\u2019Osservatorio creato per essere strumento di analisi dei fabbisogni, <strong>ricerca e sperimentazione sui nuovi dispositivi educativi<\/strong>, sono dunque alcuni tra gli elementi valutati nel corso del tavolo di confronto, sfociati con prossimi interventi \u2013 anche congiunti \u2013 che faranno perno sullo <strong>sviluppo<\/strong>, sia esso digitale o professionale specializzante.<\/p>\n<p>La Scuola deve tornare a ricoprire un ruolo di <strong>ascensore sociale<\/strong>, la formalizzazione delle competenze secondo regole e norme riconosciute che valorizzino il diritto di apprendere, sono state oggetto di riflessioni tra i presenti, intervenuti in gran numero in occasione del seminario. Accento vitale posto sulla garanzia di valorizzare le risorse umane, contesto che pu\u00f2 essere reso possibile solo associando i concetti di crescita e futuro.<\/p>\n<p>La formazione Euromediterranea sta dando un concreto contributo ad un nuovo modello di IEFP (Istruzione e Formazione Professionale). \u201c<em>Un sistema che supporti istituzioni scolastiche e formative, attraverso una intelligente riprogettazione e l\u2019aggiornamento di metodologie per l\u2019apprendimento didattico, favorisce il matching tra domanda e offerta di Lavoro<\/em>\u201d ha dichiarato il presidente di <strong>Assofor<\/strong>.<\/p>\n<p>Le criticit\u00e0 sociali riducono le opportunit\u00e0 di apprendimento giovanili, spaventa la sfera giovanile e mina la loro formazione e sviluppo di talenti e capacit\u00e0. Sostenere le opportunit\u00e0 culturali \u00e8 un impegno al quale non su pu\u00f2 rinunciare se si vuole contrastare la povert\u00e0 educativa e combattere con il fenomeno allarmante della <strong>Dispersione scolastica<\/strong>. Il tema \u00e8 vasto, chiama in causa pi\u00f9 livelli di analisi, ma \u00e8 anche oggetto di importanti raggi d\u2019azione per le associazioni che ne hanno l\u2019opportunit\u00e0.\u00a0Tante voci in coro hanno attestato l\u2019importanza del valore sinergico, in un contesto storico cruciale per il futuro sviluppo in chiave educativa. Sono state trasferite competenze e condivise strategie importanti che condizioneranno, da subito, i prossimi passi del sodalizio.<\/p>\n<p><strong>Assofor<\/strong> crede nell\u2019affermazione dello spazio Euromediterraneo, purch\u00e8 si dia sostegno costante all\u2019evoluzione sociale ed economica, da parte delle istituzioni politiche, risposte concrete al fabbisogno lavorativo, affinch\u00e8 si dia congruo contributo alla costruzione di una \u201c<em>rete mediterranea<\/em>\u201d per un nuovo modello di Istruzione e Formazione.<\/p>\n<p><img loading=\"lazy\" decoding=\"async\" class=\" wp-image-847 aligncenter\" src=\"https:\/\/www.assofor.com\/wp-content\/uploads\/2022\/12\/Convegno-assofor-287x300.jpeg\" alt=\"\" width=\"272\" height=\"284\" \/><\/p>\n<p>A questa esplicita richiesta hanno corrisposto gli interventi dei presenti (in presenza e in collegamento-video) della riunione. Tra questi, l\u2019illustre intervento del sottosegretario di Stato al Ministero del Lavoro e delle Politiche Sociali in carica <strong>Claudio Durigon<\/strong>, ha evidenziato la valenza della Formazione, specificando il piano a cui il Governo nazionale sta concentrando i propri sforzi: <em>\u201cLa Formazione \u00e8 l\u2019elemento fondamentale che pu\u00f2 renderci pi\u00f9 competitivi nel mercato del Lavoro. La grande mole di lavoro arrivata con i fondi PNRR detta le tappe della ripartenza, per\u00f2 \u00e8 necessario un personale qualificato, formato. L\u2019obiettivo del 78% quale percentuale di lavoro degli Italiani resta oggettivamente un target difficile, ma noi vogliamo farcela. Apertura al mondo privato determinante per il mismatching tra domanda &amp; offerta. Il prossimo gennaio <strong>faremo un decreto-lavoro in cui la Formazione specifica sar\u00e0 attentamente aggiornata<\/strong><\/em>\u201d.<\/p>\n<p>Le iniziative e i commenti, tramutati presto in interventi, hanno denotato l\u2019unione d\u2019intenti per rafforzare il <em>focus <\/em>per l\u2019attivit\u00e0 di individuazione, validazione e certificazione delle competenze, nell\u2019ottica di una prossima evoluzione dei sistemi educativi. Un contesto di arricchimento personale e professionale che ha regalato, in prossimit\u00e0 delle feste, sorrisi e nuovi entusiasmanti orizzonti formativi.<\/p>\n<p><em>Comunicazione <\/em><em>ASSOFOR<\/em><\/p>\n","protected":false},"excerpt":{"rendered":"<p>La Formazione Professionale Euromediterranea, nei suoi progetti ambiziosi e nobili scopi educativi, \u00e8 stata epicentro,\u00a0gioved\u00ec 15 dicembre, del meeting, organizzato dall\u2019Associazione Organismi di Formazione\u00a0(ASSOFOR) in collaborazione con ARCHIMED presso Isola, all\u2019interno di uno degli edifici storici di Catania, Palazzo Biscari. Tanti i temi affrontati nel corso della Tavola rotonda, con la partecipazione degli associati, i [&hellip;]<\/p>\n","protected":false},"author":2,"featured_media":844,"comment_status":"open","ping_status":"open","sticky":false,"template":"","format":"standard","meta":{"_et_pb_use_builder":"","_et_pb_old_content":"","_et_gb_content_width":"","footnotes":""},"categories":[7],"tags":[88,41,89,87,91,55,85,90,42,86],"class_list":["post-843","post","type-post","status-publish","format-standard","has-post-thumbnail","hentry","category-news","tag-aggiornamento","tag-assofor","tag-competenze","tag-duragon","tag-euromediterraneo","tag-formazione","tag-formazione-professionale","tag-governo-nazionale","tag-lavoro","tag-pnrr"],"_links":{"self":[{"href":"https:\/\/www.assofor.com\/index.php\/wp-json\/wp\/v2\/posts\/843","targetHints":{"allow":["GET"]}}],"collection":[{"href":"https:\/\/www.assofor.com\/index.php\/wp-json\/wp\/v2\/posts"}],"about":[{"href":"https:\/\/www.assofor.com\/index.php\/wp-json\/wp\/v2\/types\/post"}],"author":[{"embeddable":true,"href":"https:\/\/www.assofor.com\/index.php\/wp-json\/wp\/v2\/users\/2"}],"replies":[{"embeddable":true,"href":"https:\/\/www.assofor.com\/index.php\/wp-json\/wp\/v2\/comments?post=843"}],"version-history":[{"count":3,"href":"https:\/\/www.assofor.com\/index.php\/wp-json\/wp\/v2\/posts\/843\/revisions"}],"predecessor-version":[{"id":849,"href":"https:\/\/www.assofor.com\/index.php\/wp-json\/wp\/v2\/posts\/843\/revisions\/849"}],"wp:featuredmedia":[{"embeddable":true,"href":"https:\/\/www.assofor.com\/index.php\/wp-json\/wp\/v2\/media\/844"}],"wp:attachment":[{"href":"https:\/\/www.assofor.com\/index.php\/wp-json\/wp\/v2\/media?parent=843"}],"wp:term":[{"taxonomy":"category","embeddable":true,"href":"https:\/\/www.assofor.com\/index.php\/wp-json\/wp\/v2\/categories?post=843"},{"taxonomy":"post_tag","embeddable":true,"href":"https:\/\/www.assofor.com\/index.php\/wp-json\/wp\/v2\/tags?post=843"}],"curies":[{"name":"wp","href":"https:\/\/api.w.org\/{rel}","templated":true}]}}